{"id":1415,"date":"2025-01-21T14:37:31","date_gmt":"2025-01-21T14:37:31","guid":{"rendered":"https:\/\/cv2go.no\/fr\/?p=1415"},"modified":"2025-04-26T19:56:59","modified_gmt":"2025-04-26T19:56:59","slug":"comment-mettre-en-valeur-votre-experience-benevole-sur-votre-cv-en-2025","status":"publish","type":"post","link":"https:\/\/cv2go.no\/fr\/comment-mettre-en-valeur-votre-experience-benevole-sur-votre-cv-en-2025\/","title":{"rendered":"Comment mettre en valeur votre exp\u00e9rience b\u00e9n\u00e9vole sur votre CV en 2025"},"content":{"rendered":"\n<p>Les recruteurs savent que vos exp\u00e9riences b\u00e9n\u00e9voles font de vous un employ\u00e9 pr\u00e9cieux. Elles d\u00e9montrent que vous poss\u00e9dez des comp\u00e9tences essentielles pour tout poste, tout en refl\u00e9tant une personnalit\u00e9 engag\u00e9e et d\u00e9termin\u00e9e \u00e0 contribuer \u00e0 votre communaut\u00e9.<\/p>\n\n\n\n<p>Ainsi, la question n\u2019est pas de savoir si vous devez inclure votre exp\u00e9rience b\u00e9n\u00e9vole dans votre CV, mais plut\u00f4t o\u00f9 et comment l\u2019int\u00e9grer.<\/p>\n\n\n\n<p>D\u00e9couvrez comment pr\u00e9senter au mieux votre travail b\u00e9n\u00e9vole sur votre CV pour impressionner les recruteurs et employeurs.<\/p>\n\n\n\n<h3 class=\"wp-block-heading\">O\u00f9 inclure votre exp\u00e9rience b\u00e9n\u00e9vole dans votre CV<\/h3>\n\n\n\n<p>La plupart des candidats devraient inclure leur exp\u00e9rience b\u00e9n\u00e9vole dans la section \u00ab&nbsp;Exp\u00e9riences professionnelles&nbsp;\u00bb de leur CV. Cependant, dans certains cas, il peut \u00eatre judicieux de l\u2019ins\u00e9rer dans la section \u00ab&nbsp;Comp\u00e9tences&nbsp;\u00bb ou de cr\u00e9er une section \u00e0 part intitul\u00e9e \u00ab&nbsp;B\u00e9n\u00e9volat&nbsp;\u00bb en fin de CV.<\/p>\n\n\n\n<h4 class=\"wp-block-heading\">Incluez-la dans la section \u00ab&nbsp;Exp\u00e9riences professionnelles&nbsp;\u00bb si :<\/h4>\n\n\n\n<ul class=\"wp-block-list\">\n<li>Elle est pertinente pour le poste vis\u00e9.<\/li>\n\n\n\n<li>Vous \u00eates au d\u00e9but de votre carri\u00e8re.<\/li>\n<\/ul>\n\n\n\n<h4 class=\"wp-block-heading\">Cr\u00e9ez une section \u00ab&nbsp;B\u00e9n\u00e9volat&nbsp;\u00bb si :<\/h4>\n\n\n\n<ul class=\"wp-block-list\">\n<li>Le travail ou les comp\u00e9tences impliqu\u00e9s ne sont pas directement li\u00e9s \u00e0 votre carri\u00e8re.<\/li>\n\n\n\n<li>Cela \u00e9viterait de repousser des informations importantes plus bas dans votre CV.<\/li>\n<\/ul>\n\n\n\n<h4 class=\"wp-block-heading\">Incluez-la dans la section \u00ab&nbsp;Comp\u00e9tences&nbsp;\u00bb si :<\/h4>\n\n\n\n<ul class=\"wp-block-list\">\n<li>Les comp\u00e9tences acquises sont tr\u00e8s pertinentes pour le poste vis\u00e9, m\u00eame si le domaine ou le poste ne l\u2019est pas directement.<\/li>\n\n\n\n<li>Cela permet de maintenir les informations importantes bien visibles sur votre CV.<\/li>\n<\/ul>\n\n\n\n<h3 class=\"wp-block-heading\">Comment pr\u00e9senter votre exp\u00e9rience b\u00e9n\u00e9vole sur votre CV<\/h3>\n\n\n\n<p>Vous devez mettre en valeur vos exp\u00e9riences b\u00e9n\u00e9voles tout en restant concis. Sur un CV, la clart\u00e9 et la pertinence sont essentielles. Soulignez la valeur de votre travail b\u00e9n\u00e9vole en lien avec votre candidature.<\/p>\n\n\n\n<p>Incluez les \u00e9l\u00e9ments suivants : le nom de l\u2019organisation, votre titre, les dates de d\u00e9but et de fin, ainsi que vos principales responsabilit\u00e9s et r\u00e9alisations. Voici un exemple :<\/p>\n\n\n\n<p><strong>Organisation de b\u00e9n\u00e9volat<\/strong><br>Titre du poste, Date de d\u00e9but \u2013 Date de fin<\/p>\n\n\n\n<p>Principales responsabilit\u00e9s et r\u00e9alisations<\/p>\n\n\n\n<h4 class=\"wp-block-heading\">D\u00e9cryptage :<\/h4>\n\n\n\n<h5 class=\"wp-block-heading\">Titre du poste<\/h5>\n\n\n\n<p>Ne vous contentez pas d\u2019\u00e9crire \u00ab&nbsp;b\u00e9n\u00e9vole&nbsp;\u00bb comme titre. Soyez pr\u00e9cis : quel \u00e9tait votre r\u00f4le&nbsp;? Si l\u2019organisation ne vous a pas attribu\u00e9 de titre officiel, vous pouvez utiliser une phrase descriptive, comme \u00ab&nbsp;Enseignant b\u00e9n\u00e9vole en anglais&nbsp;\u00bb ou \u00ab&nbsp;Concepteur graphique (b\u00e9n\u00e9vole)&nbsp;\u00bb. Les recruteurs pr\u00e9tant souvent attention aux titres, cette pr\u00e9cision les aidera \u00e0 cerner vos comp\u00e9tences.<\/p>\n\n\n\n<h5 class=\"wp-block-heading\">Dates de d\u00e9but et de fin<\/h5>\n\n\n\n<p>Indiquez le mois et l\u2019ann\u00e9e. Inutile de pr\u00e9ciser le jour exact. Si vous occupez toujours ce poste, mentionnez \u00ab&nbsp;\u00e0 ce jour&nbsp;\u00bb comme date de fin.<\/p>\n\n\n\n<h5 class=\"wp-block-heading\">Responsabilit\u00e9s et r\u00e9alisations<\/h5>\n\n\n\n<p>Pr\u00e9sentez ces informations sous forme de puces pour faciliter la lecture et la rendre plus agr\u00e9able \u00e0 l\u2019\u0153il. (Les recruteurs passent g\u00e9n\u00e9ralement moins de 8 secondes \u00e0 lire un CV.)<\/p>\n\n\n\n<p>Pour les r\u00f4les les plus r\u00e9cents ou les plus pertinents, incluez davantage de puces. Une bonne r\u00e8gle est de se limiter \u00e0 une \u00e0 cinq puces maximum par r\u00f4le.<\/p>\n\n\n\n<p>Ne mentionnez pas toutes vos responsabilit\u00e9s, surtout celles qui sont peu pertinentes pour le poste. Concentrez-vous sur les plus importantes et impressionnantes. Lorsque cela est possible, utilisez les m\u00eames termes que ceux de l\u2019offre d\u2019emploi. Cela augmentera vos chances d\u2019\u00eatre s\u00e9lectionn\u00e9 par un syst\u00e8me de suivi des candidatures (ATS).<\/p>\n\n\n\n<p>Ajoutez des r\u00e9sultats mesurables ou des donn\u00e9es quantitatives pour rendre votre candidature plus impressionnante et m\u00e9morable.<\/p>\n\n\n\n<h3 class=\"wp-block-heading\">Exemples de descriptions d\u2019exp\u00e9riences b\u00e9n\u00e9voles<\/h3>\n\n\n\n<p>Bien que votre entr\u00e9e de b\u00e9n\u00e9volat sur votre CV doive \u00eatre personnalis\u00e9e en fonction de votre exp\u00e9rience et du poste vis\u00e9, voici quelques descriptions courantes que vous pouvez adapter \u00e0 votre parcours.<\/p>\n\n\n\n<h4 class=\"wp-block-heading\">B\u00e9n\u00e9vole \u00e0 une banque alimentaire ou une soupe populaire<\/h4>\n\n\n\n<p><strong>Banque alimentaire communautaire<\/strong><br>B\u00e9n\u00e9vole, janvier 2023 \u2013 \u00e0 ce jour<\/p>\n\n\n\n<ul class=\"wp-block-list\">\n<li>Organis\u00e9 des files d\u2019attente de plus de 50 personnes<\/li>\n\n\n\n<li>Accueilli les visiteurs avec empathie et respect<\/li>\n<\/ul>\n\n\n\n<h4 class=\"wp-block-heading\">B\u00e9n\u00e9vole dans un h\u00f4pital<\/h4>\n\n\n\n<p><strong>H\u00f4pital G\u00e9n\u00e9ral de la Ville<\/strong><br>B\u00e9n\u00e9vole, f\u00e9vrier 2022 \u2013 \u00e0 ce jour<\/p>\n\n\n\n<ul class=\"wp-block-list\">\n<li>R\u00e9approvisionn\u00e9 les fournitures<\/li>\n\n\n\n<li>Assist\u00e9 le personnel m\u00e9dical<\/li>\n\n\n\n<li>Soutenu les patients avec des comp\u00e9tences interpersonnelles<\/li>\n<\/ul>\n\n\n\n<h4 class=\"wp-block-heading\">Administrateur b\u00e9n\u00e9vole de vaccins<\/h4>\n\n\n\n<p><strong>Clinique Sant\u00e9 &amp; S\u00e9curit\u00e9<\/strong><br>Administrateur de vaccins (b\u00e9n\u00e9vole), mars 2023 \u2013 \u00e0 ce jour<\/p>\n\n\n\n<ul class=\"wp-block-list\">\n<li>Administr\u00e9 des vaccins<\/li>\n\n\n\n<li>Expliqu\u00e9 les effets secondaires possibles des m\u00e9dicaments<\/li>\n\n\n\n<li>Confirm\u00e9 l\u2019identit\u00e9 des patients<\/li>\n<\/ul>\n\n\n\n<h4 class=\"wp-block-heading\">B\u00e9n\u00e9vole pour une ligne d\u2019assistance<\/h4>\n\n\n\n<p><strong>Ligne de soutien en sant\u00e9 mentale<\/strong><br>B\u00e9n\u00e9vole, avril 2023 \u2013 \u00e0 ce jour<\/p>\n\n\n\n<ul class=\"wp-block-list\">\n<li>Fourniture d\u2019un soutien aux appelants via des comp\u00e9tences en communication et au t\u00e9l\u00e9phone<\/li>\n\n\n\n<li>Analyse des risques et prise de d\u00e9cisions critiques en cas d\u2019urgence<\/li>\n<\/ul>\n\n\n\n<h4 class=\"wp-block-heading\">Accompagnant b\u00e9n\u00e9vole pour seniors<\/h4>\n\n\n\n<p><strong>Services communautaires ElderCare<\/strong><br>Accompagnant b\u00e9n\u00e9vole, mai 2023 \u2013 \u00e0 ce jour<\/p>\n\n\n\n<ul class=\"wp-block-list\">\n<li>Offert une compagnie hebdomadaire \u00e0 une personne \u00e2g\u00e9e<\/li>\n\n\n\n<li>Utilis\u00e9 des comp\u00e9tences en \u00e9coute active pour b\u00e2tir une relation de confiance<\/li>\n<\/ul>\n\n\n\n<h4 class=\"wp-block-heading\">B\u00e9n\u00e9vole environnemental<\/h4>\n\n\n\n<p><strong>Initiative Terre Verte<\/strong><br>B\u00e9n\u00e9vole, juin 2023 \u2013 \u00e0 ce jour<\/p>\n\n\n\n<ul class=\"wp-block-list\">\n<li>Organis\u00e9 des nettoyages communautaires<\/li>\n\n\n\n<li>Promu des \u00e9v\u00e9nements \u00e9cologiques sur les r\u00e9seaux sociaux<\/li>\n<\/ul>\n\n\n\n<h4 class=\"wp-block-heading\">Formateur b\u00e9n\u00e9vole<\/h4>\n\n\n\n<p><strong>Programme de Jeunesse&nbsp;: Empowerment<\/strong><br>Formateur b\u00e9n\u00e9vole, juillet 2023 \u2013 \u00e0 ce jour<\/p>\n\n\n\n<ul class=\"wp-block-list\">\n<li>Coach\u00e9 des jeunes en difficult\u00e9, augmentant leurs notes de 36\u00a0%<\/li>\n\n\n\n<li>Maintenu un taux de pr\u00e9sence de 88\u00a0% chez les stagiaires<\/li>\n<\/ul>\n\n\n\n<h3 class=\"wp-block-heading\">Maximisez votre exp\u00e9rience b\u00e9n\u00e9vole pour obtenir un entretien<\/h3>\n\n\n\n<p>Un CV bien \u00e9crit est une cl\u00e9 pour r\u00e9ussir votre recherche d\u2019emploi. Non seulement il augmentera vos chances d\u2019\u00eatre invit\u00e9 \u00e0 des entretiens, mais il pourra \u00e9galement vous aider \u00e0 n\u00e9gocier un meilleur salaire et des conditions de travail avantageuses.<\/p>\n\n\n\n<p>Nos mod\u00e8les de CV sp\u00e9cialement con\u00e7us pour le b\u00e9n\u00e9volat vous aideront \u00e0 commencer. Ils sont simples \u00e0 personnaliser selon votre parcours et compatibles avec les syst\u00e8mes de suivi des candidatures (ATS). Cr\u00e9ez votre CV en seulement 10 minutes avec notre outil&nbsp;!<\/p>\n","protected":false},"excerpt":{"rendered":"<p>Les recruteurs savent que vos exp\u00e9riences b\u00e9n\u00e9voles font de vous un employ\u00e9 pr\u00e9cieux. Elles d\u00e9montrent que vous poss\u00e9dez des comp\u00e9tences essentielles pour tout poste, tout en refl\u00e9tant une personnalit\u00e9 engag\u00e9e et d\u00e9termin\u00e9e \u00e0 contribuer \u00e0 votre communaut\u00e9. Ainsi, la question n\u2019est pas de savoir si vous devez inclure votre exp\u00e9rience b\u00e9n\u00e9vole dans votre CV, mais [&hellip;]<\/p>\n","protected":false},"author":2,"featured_media":2052,"comment_status":"open","ping_status":"open","sticky":false,"template":"","format":"standard","meta":{"_acf_changed":false,"site-sidebar-layout":"default","site-content-layout":"","ast-site-content-layout":"default","site-content-style":"default","site-sidebar-style":"default","ast-global-header-display":"","ast-banner-title-visibility":"","ast-main-header-display":"","ast-hfb-above-header-display":"","ast-hfb-below-header-display":"","ast-hfb-mobile-header-display":"","site-post-title":"","ast-breadcrumbs-content":"","ast-featured-img":"","footer-sml-layout":"","ast-disable-related-posts":"","theme-transparent-header-meta":"","adv-header-id-meta":"","stick-header-meta":"","header-above-stick-meta":"","header-main-stick-meta":"","header-below-stick-meta":"","astra-migrate-meta-layouts":"set","ast-page-background-enabled":"default","ast-page-background-meta":{"desktop":{"background-color":"","background-image":"","background-repeat":"repeat","background-position":"center center","background-size":"auto","background-attachment":"scroll","background-type":"","background-media":"","overlay-type":"","overlay-color":"","overlay-opacity":"","overlay-gradient":""},"tablet":{"background-color":"","background-image":"","background-repeat":"repeat","background-position":"center center","background-size":"auto","background-attachment":"scroll","background-type":"","background-media":"","overlay-type":"","overlay-color":"","overlay-opacity":"","overlay-gradient":""},"mobile":{"background-color":"","background-image":"","background-repeat":"repeat","background-position":"center center","background-size":"auto","background-attachment":"scroll","background-type":"","background-media":"","overlay-type":"","overlay-color":"","overlay-opacity":"","overlay-gradient":""}},"ast-content-background-meta":{"desktop":{"background-color":"var(--ast-global-color-5)","background-image":"","background-repeat":"repeat","background-position":"center center","background-size":"auto","background-attachment":"scroll","background-type":"","background-media":"","overlay-type":"","overlay-color":"","overlay-opacity":"","overlay-gradient":""},"tablet":{"background-color":"var(--ast-global-color-5)","background-image":"","background-repeat":"repeat","background-position":"center center","background-size":"auto","background-attachment":"scroll","background-type":"","background-media":"","overlay-type":"","overlay-color":"","overlay-opacity":"","overlay-gradient":""},"mobile":{"background-color":"var(--ast-global-color-5)","background-image":"","background-repeat":"repeat","background-position":"center center","background-size":"auto","background-attachment":"scroll","background-type":"","background-media":"","overlay-type":"","overlay-color":"","overlay-opacity":"","overlay-gradient":""}},"footnotes":""},"categories":[1],"tags":[],"class_list":["post-1415","post","type-post","status-publish","format-standard","has-post-thumbnail","hentry","category-uncategorized"],"acf":[],"_links":{"self":[{"href":"https:\/\/cv2go.no\/fr\/wp-json\/wp\/v2\/posts\/1415","targetHints":{"allow":["GET"]}}],"collection":[{"href":"https:\/\/cv2go.no\/fr\/wp-json\/wp\/v2\/posts"}],"about":[{"href":"https:\/\/cv2go.no\/fr\/wp-json\/wp\/v2\/types\/post"}],"author":[{"embeddable":true,"href":"https:\/\/cv2go.no\/fr\/wp-json\/wp\/v2\/users\/2"}],"replies":[{"embeddable":true,"href":"https:\/\/cv2go.no\/fr\/wp-json\/wp\/v2\/comments?post=1415"}],"version-history":[{"count":0,"href":"https:\/\/cv2go.no\/fr\/wp-json\/wp\/v2\/posts\/1415\/revisions"}],"wp:featuredmedia":[{"embeddable":true,"href":"https:\/\/cv2go.no\/fr\/wp-json\/wp\/v2\/media\/2052"}],"wp:attachment":[{"href":"https:\/\/cv2go.no\/fr\/wp-json\/wp\/v2\/media?parent=1415"}],"wp:term":[{"taxonomy":"category","embeddable":true,"href":"https:\/\/cv2go.no\/fr\/wp-json\/wp\/v2\/categories?post=1415"},{"taxonomy":"post_tag","embeddable":true,"href":"https:\/\/cv2go.no\/fr\/wp-json\/wp\/v2\/tags?post=1415"}],"curies":[{"name":"wp","href":"https:\/\/api.w.org\/{rel}","templated":true}]}}