{"id":1413,"date":"2025-01-21T14:35:33","date_gmt":"2025-01-21T14:35:33","guid":{"rendered":"https:\/\/cv2go.no\/fr\/?p=1413"},"modified":"2025-04-26T19:57:00","modified_gmt":"2025-04-26T19:57:00","slug":"comment-rediger-un-cv-gagnant-dassistant-administratif-en-2025","status":"publish","type":"post","link":"https:\/\/cv2go.no\/fr\/comment-rediger-un-cv-gagnant-dassistant-administratif-en-2025\/","title":{"rendered":"Comment r\u00e9diger un CV gagnant d&rsquo;assistant administratif en 2025"},"content":{"rendered":"\n<p>Un CV bien r\u00e9dig\u00e9 peut non seulement augmenter consid\u00e9rablement le nombre d\u2019offres d\u2019emploi que vous recevez, mais \u00e9galement am\u00e9liorer vos propositions salariales. Il vous permettra d\u2019attirer l\u2019attention des recruteurs, d\u2019obtenir plus d\u2019entretiens et de vous pr\u00e9parer au succ\u00e8s lors de ces derniers. Ainsi, vous serez en mesure de n\u00e9gocier un salaire de d\u00e9part plus \u00e9lev\u00e9 ou de choisir l\u2019entreprise id\u00e9ale parmi plusieurs offres.<\/p>\n\n\n\n<p>Les responsabilit\u00e9s et les salaires des assistants administratifs peuvent varier \u00e9norm\u00e9ment, ce qui rend essentiel l\u2019utilisation d\u2019un CV efficace pour postuler aux postes les plus comp\u00e9titifs.<\/p>\n\n\n\n<p>Lisez la suite pour d\u00e9couvrir les bonnes pratiques et \u00e9viter les erreurs dans la r\u00e9daction d&rsquo;un CV percutant. Nous analyserons \u00e9galement un exemple de CV pour vous offrir un mod\u00e8le solide.<\/p>\n\n\n\n<h3 class=\"wp-block-heading\">Liste de contr\u00f4le pour un CV d&rsquo;assistant administratif<\/h3>\n\n\n\n<p>Avant d&rsquo;envoyer votre CV, v\u00e9rifiez qu&rsquo;il r\u00e9pond \u00e0 ces crit\u00e8res essentiels :<\/p>\n\n\n\n<ul class=\"wp-block-list\">\n<li>Dispose-t-il de suffisamment d\u2019espaces blancs ?<\/li>\n\n\n\n<li>Utilisez-vous des points cl\u00e9s plut\u00f4t que des paragraphes ?<\/li>\n\n\n\n<li>Est-il r\u00e9dig\u00e9 de mani\u00e8re concise ?<\/li>\n\n\n\n<li>Avez-vous supprim\u00e9 les descriptions de postes inutiles ?<\/li>\n\n\n\n<li>Avez-vous \u00e9limin\u00e9 les sections superflues (R\u00e9f\u00e9rences et Loisirs) ?<\/li>\n\n\n\n<li>Est-il limit\u00e9 \u00e0 deux pages ou moins ?<\/li>\n\n\n\n<li>Utilisez-vous les mots-cl\u00e9s de l\u2019offre d\u2019emploi ? (Voici pourquoi c\u2019est important.)<\/li>\n\n\n\n<li>Est-il dans un format lisible par une machine, c\u2019est-\u00e0-dire .docx ou .pdf ?<\/li>\n\n\n\n<li>Avez-vous enregistr\u00e9 le fichier sous le nom \u00ab Pr\u00e9nom Nom CV \u00bb ?<\/li>\n<\/ul>\n\n\n\n<h3 class=\"wp-block-heading\">Exemple de CV d\u2019assistant administratif et analyse<\/h3>\n\n\n\n<p>Explorons le CV d\u2019une assistante administrative fictive, Anna Sistant, pour comprendre pourquoi il est efficace. Nous analyserons chaque section.<\/p>\n\n\n\n<h4 class=\"wp-block-heading\">Coordonn\u00e9es<\/h4>\n\n\n\n<p>Il n\u2019est pas n\u00e9cessaire d\u2019intituler votre CV \u00ab CV \u00bb. Utilisez votre nom suivi de vos coordonn\u00e9es. Par exemple :<\/p>\n\n\n\n<p><strong>Anna Sistant<\/strong><br><a href=\"mailto:AnnaSistant@gmail.com\">AnnaSistant@gmail.com<\/a> | 06 12 34 56 78 | LinkedIn.com\/AnnaSistant<\/p>\n\n\n\n<p>Dans son CV, Anna a inclus une adresse email professionnelle, son num\u00e9ro de t\u00e9l\u00e9phone et son profil LinkedIn. Son LinkedIn devrait \u00eatre compl\u00e8tement rempli et contenir des recommandations ou des publications r\u00e9centes et pertinentes.<\/p>\n\n\n\n<p>Si Anna postulait \u00e0 des postes dans un secteur sp\u00e9cifique, elle pourrait ajouter des liens vers d&rsquo;autres r\u00e9seaux sociaux ou un portfolio. Par exemple, pour une entreprise sp\u00e9cialis\u00e9e dans l\u2019\u00e9dition vid\u00e9o, elle pourrait inclure ses comptes YouTube, Vimeo ou TikTok \u2014 \u00e0 condition d\u2019avoir du contenu de qualit\u00e9.<\/p>\n\n\n\n<p>En postulant en France, elle ne devrait pas inclure de photo, de date de naissance ou d&rsquo;informations personnelles sensibles, sauf si demand\u00e9 par l\u2019annonce.<\/p>\n\n\n\n<h4 class=\"wp-block-heading\">R\u00e9sum\u00e9 professionnel<\/h4>\n\n\n\n<p>Le r\u00e9sum\u00e9 professionnel est l\u2019occasion de pr\u00e9senter en deux \u00e0 cinq phrases qui vous \u00eates et pourquoi vous \u00eates le candidat id\u00e9al. Voici le r\u00e9sum\u00e9 d&rsquo;Anna :<\/p>\n\n\n\n<p><strong>R\u00e9sum\u00e9 professionnel<\/strong><br>Assistante administrative organis\u00e9e et orient\u00e9e vers les d\u00e9tails avec plus de 7 ans d\u2019exp\u00e9rience. Excellentes comp\u00e9tences relationnelles et ma\u00eetrise des outils informatiques. Exp\u00e9riment\u00e9e dans la gestion de la facturation, des rapports et des \u00e9v\u00e9nements.<\/p>\n\n\n\n<p>Anna a inclus un m\u00e9lange de comp\u00e9tences techniques et relationnelles tout en se concentrant sur son exp\u00e9rience professionnelle. Elle a probablement utilis\u00e9 les m\u00eames expressions que celles de l\u2019annonce pour garantir que son CV passe les syst\u00e8mes de suivi des candidatures (ATS).<\/p>\n\n\n\n<p>Elle a \u00e9galement r\u00e9dig\u00e9 son r\u00e9sum\u00e9 de mani\u00e8re concise, en omettant parfois le sujet et le verbe pour aller droit au but.<\/p>\n\n\n\n<h4 class=\"wp-block-heading\">Comp\u00e9tences<\/h4>\n\n\n\n<p>La section des comp\u00e9tences met en avant les comp\u00e9tences pertinentes pour le poste qui pourraient autrement \u00eatre noy\u00e9es dans votre historique professionnel. Voici comment Anna l\u2019a organis\u00e9e :<\/p>\n\n\n\n<p><strong>Comp\u00e9tences<\/strong><\/p>\n\n\n\n<ul class=\"wp-block-list\">\n<li>Ma\u00eetrise de QuickBooks et Excel<\/li>\n\n\n\n<li>Trilingue : fran\u00e7ais (langue maternelle), anglais (niveau C1), espagnol (niveau B2)<\/li>\n\n\n\n<li>Gestion d\u2019\u00e9v\u00e9nements et budg\u00e9tisation<\/li>\n\n\n\n<li>Organisation excellente : gestion des horaires et factures pour une \u00e9quipe de 22 personnes<\/li>\n\n\n\n<li>Comp\u00e9tences en communication : 3 ans d\u2019exp\u00e9rience dans la coordination de r\u00e9unions et \u00e9v\u00e9nements<\/li>\n\n\n\n<li>Comp\u00e9tences relationnelles<\/li>\n\n\n\n<li>R\u00e9solution de probl\u00e8mes<\/li>\n<\/ul>\n\n\n\n<p>Cette section est concise et contient sept points. Elle inclut des comp\u00e9tences cl\u00e9s soutenues par des preuves comme des certifications ou des exp\u00e9riences pass\u00e9es. Encore une fois, Anna a probablement utilis\u00e9 les mots-cl\u00e9s exacts de l\u2019annonce.<\/p>\n\n\n\n<h4 class=\"wp-block-heading\">Exp\u00e9rience professionnelle<\/h4>\n\n\n\n<p>Votre section \u00ab Exp\u00e9rience professionnelle \u00bb ne doit pas inclure tous vos emplois, mais vos postes r\u00e9cents et les plus pertinents. Voici deux exemples issus du CV d\u2019Anna :<\/p>\n\n\n\n<p><strong>Magic Marketing Consultants<\/strong><br>Assistante administrative des \u00e9v\u00e9nements, janvier 2020 \u2013 aujourd\u2019hui<\/p>\n\n\n\n<ul class=\"wp-block-list\">\n<li>Coordination d\u2019\u00e9v\u00e9nements avec plus de 500 participants et un budget allant jusqu\u2019\u00e0 125 000 \u20ac<\/li>\n\n\n\n<li>Mise en place d\u2019un nouveau syst\u00e8me de classement, augmentant l\u2019efficacit\u00e9 de 18 %<\/li>\n\n\n\n<li>Gestion de la facturation et des rapports via QuickBooks, Excel et logiciels internes<\/li>\n\n\n\n<li>Formation d\u2019assistants administratifs juniors<\/li>\n<\/ul>\n\n\n\n<p><strong>XYZ SARL<\/strong><br>Assistante administrative junior, juin 2016 \u2013 juillet 2017<\/p>\n\n\n\n<p>Dans son poste actuel, Anna a inclus des points cl\u00e9s bien r\u00e9dig\u00e9s, d\u00e9crivant ses responsabilit\u00e9s et r\u00e9alisations avec des donn\u00e9es quantitatives impressionnantes. Elle utilise des verbes d\u2019action forts pour chaque point.<\/p>\n\n\n\n<p>Cependant, pour son poste d\u2019assistante administrative junior, elle n\u2019a pas inclus de responsabilit\u00e9s ou r\u00e9alisations. Ce poste \u00e9tant ancien et mineur, elle a choisi de gagner de la place. Elle l\u2019a probablement ajout\u00e9 uniquement pour montrer qu\u2019elle a de l\u2019exp\u00e9rience depuis 2016.<\/p>\n\n\n\n<h4 class=\"wp-block-heading\">Formation<\/h4>\n\n\n\n<p>Anna a d\u00e9j\u00e0 beaucoup d\u2019exp\u00e9rience professionnelle, donc sa section \u00ab Formation \u00bb figure en dernier. Cependant, si vous \u00eates r\u00e9cent dipl\u00f4m\u00e9 ou en reconversion, placez cette section avant l\u2019exp\u00e9rience professionnelle.<\/p>\n\n\n\n<p><strong>Formation et Certifications<\/strong><\/p>\n\n\n\n<ul class=\"wp-block-list\">\n<li>Formation en gestion d\u2019\u00e9v\u00e9nements et budg\u00e9tisation (50 heures), 2024, Events Academy<\/li>\n\n\n\n<li>Formation avanc\u00e9e Excel (30 heures), 2023, Excel Academy<\/li>\n\n\n\n<li>Certificat d\u2019assistant administratif, 2022, Lyc\u00e9e professionnel Triton<\/li>\n<\/ul>\n\n\n\n<p>Anna n\u2019a pas de dipl\u00f4me universitaire, mais elle a suivi de nombreuses formations pertinentes. Elle mentionne le nom de l\u2019\u00e9tablissement, l\u2019ann\u00e9e de fin et le titre de la formation, le tout dans un ordre chronologique invers\u00e9.<\/p>\n\n\n\n<h3 class=\"wp-block-heading\">Cr\u00e9ez un CV professionnel en quelques minutes<\/h3>\n\n\n\n<p>R\u00e9diger un CV gagnant n\u2019a pas besoin d\u2019\u00eatre un casse-t\u00eate. Avec les bons outils, vous n\u2019avez plus \u00e0 vous soucier des tailles de police ou de la compatibilit\u00e9 avec les syst\u00e8mes de suivi des candidatures.<\/p>\n\n\n\n<p>Nos mod\u00e8les de CV pour assistants administratifs sont con\u00e7us par des professionnels, faciles \u00e0 personnaliser et adapt\u00e9s aux ATS. De plus, notre g\u00e9n\u00e9rateur de CV vous guidera pour les adapter \u00e0 votre profil. Il proposera la meilleure structure en fonction de votre niveau d\u2019exp\u00e9rience et sugg\u00e9rera des formulations approuv\u00e9es par les recruteurs.<\/p>\n\n\n\n<p>Cr\u00e9ez un CV d\u2019exception en quelques minutes avec nos outils et commencez d\u00e8s maintenant.<\/p>\n","protected":false},"excerpt":{"rendered":"<p>Un CV bien r\u00e9dig\u00e9 peut non seulement augmenter consid\u00e9rablement le nombre d\u2019offres d\u2019emploi que vous recevez, mais \u00e9galement am\u00e9liorer vos propositions salariales. Il vous permettra d\u2019attirer l\u2019attention des recruteurs, d\u2019obtenir plus d\u2019entretiens et de vous pr\u00e9parer au succ\u00e8s lors de ces derniers. Ainsi, vous serez en mesure de n\u00e9gocier un salaire de d\u00e9part plus \u00e9lev\u00e9 [&hellip;]<\/p>\n","protected":false},"author":2,"featured_media":2052,"comment_status":"open","ping_status":"open","sticky":false,"template":"","format":"standard","meta":{"_acf_changed":false,"site-sidebar-layout":"default","site-content-layout":"","ast-site-content-layout":"default","site-content-style":"default","site-sidebar-style":"default","ast-global-header-display":"","ast-banner-title-visibility":"","ast-main-header-display":"","ast-hfb-above-header-display":"","ast-hfb-below-header-display":"","ast-hfb-mobile-header-display":"","site-post-title":"","ast-breadcrumbs-content":"","ast-featured-img":"","footer-sml-layout":"","ast-disable-related-posts":"","theme-transparent-header-meta":"","adv-header-id-meta":"","stick-header-meta":"","header-above-stick-meta":"","header-main-stick-meta":"","header-below-stick-meta":"","astra-migrate-meta-layouts":"set","ast-page-background-enabled":"default","ast-page-background-meta":{"desktop":{"background-color":"","background-image":"","background-repeat":"repeat","background-position":"center center","background-size":"auto","background-attachment":"scroll","background-type":"","background-media":"","overlay-type":"","overlay-color":"","overlay-opacity":"","overlay-gradient":""},"tablet":{"background-color":"","background-image":"","background-repeat":"repeat","background-position":"center center","background-size":"auto","background-attachment":"scroll","background-type":"","background-media":"","overlay-type":"","overlay-color":"","overlay-opacity":"","overlay-gradient":""},"mobile":{"background-color":"","background-image":"","background-repeat":"repeat","background-position":"center center","background-size":"auto","background-attachment":"scroll","background-type":"","background-media":"","overlay-type":"","overlay-color":"","overlay-opacity":"","overlay-gradient":""}},"ast-content-background-meta":{"desktop":{"background-color":"var(--ast-global-color-5)","background-image":"","background-repeat":"repeat","background-position":"center center","background-size":"auto","background-attachment":"scroll","background-type":"","background-media":"","overlay-type":"","overlay-color":"","overlay-opacity":"","overlay-gradient":""},"tablet":{"background-color":"var(--ast-global-color-5)","background-image":"","background-repeat":"repeat","background-position":"center center","background-size":"auto","background-attachment":"scroll","background-type":"","background-media":"","overlay-type":"","overlay-color":"","overlay-opacity":"","overlay-gradient":""},"mobile":{"background-color":"var(--ast-global-color-5)","background-image":"","background-repeat":"repeat","background-position":"center center","background-size":"auto","background-attachment":"scroll","background-type":"","background-media":"","overlay-type":"","overlay-color":"","overlay-opacity":"","overlay-gradient":""}},"footnotes":""},"categories":[1],"tags":[],"class_list":["post-1413","post","type-post","status-publish","format-standard","has-post-thumbnail","hentry","category-uncategorized"],"acf":[],"_links":{"self":[{"href":"https:\/\/cv2go.no\/fr\/wp-json\/wp\/v2\/posts\/1413","targetHints":{"allow":["GET"]}}],"collection":[{"href":"https:\/\/cv2go.no\/fr\/wp-json\/wp\/v2\/posts"}],"about":[{"href":"https:\/\/cv2go.no\/fr\/wp-json\/wp\/v2\/types\/post"}],"author":[{"embeddable":true,"href":"https:\/\/cv2go.no\/fr\/wp-json\/wp\/v2\/users\/2"}],"replies":[{"embeddable":true,"href":"https:\/\/cv2go.no\/fr\/wp-json\/wp\/v2\/comments?post=1413"}],"version-history":[{"count":0,"href":"https:\/\/cv2go.no\/fr\/wp-json\/wp\/v2\/posts\/1413\/revisions"}],"wp:featuredmedia":[{"embeddable":true,"href":"https:\/\/cv2go.no\/fr\/wp-json\/wp\/v2\/media\/2052"}],"wp:attachment":[{"href":"https:\/\/cv2go.no\/fr\/wp-json\/wp\/v2\/media?parent=1413"}],"wp:term":[{"taxonomy":"category","embeddable":true,"href":"https:\/\/cv2go.no\/fr\/wp-json\/wp\/v2\/categories?post=1413"},{"taxonomy":"post_tag","embeddable":true,"href":"https:\/\/cv2go.no\/fr\/wp-json\/wp\/v2\/tags?post=1413"}],"curies":[{"name":"wp","href":"https:\/\/api.w.org\/{rel}","templated":true}]}}