{"id":1405,"date":"2025-09-20T22:40:39","date_gmt":"2025-09-20T22:40:39","guid":{"rendered":"https:\/\/cv2go.no\/fr\/?p=1405"},"modified":"2025-09-20T22:40:41","modified_gmt":"2025-09-20T22:40:41","slug":"comment-creer-un-cv-de-coiffeur-gagnant","status":"publish","type":"post","link":"https:\/\/cv2go.no\/fr\/comment-creer-un-cv-de-coiffeur-gagnant\/","title":{"rendered":"Comment cr\u00e9er un CV de coiffeur gagnant : Guide complet pour 2025"},"content":{"rendered":"\n<p>\u00catre coiffeur est une carri\u00e8re dynamique, amusante et passionnante. Les clients comptent sur vos comp\u00e9tences pour \u00eatre \u00e0 leur meilleur lors d&rsquo;occasions importantes et de moments-cl\u00e9s. Bien que la demande pour des coiffeurs qualifi\u00e9s soit \u00e9lev\u00e9e, vous avez besoin d&rsquo;un CV remarquable pour d\u00e9crocher le poste id\u00e9al qui vous permettra de vous \u00e9panouir.<\/p>\n\n\n\n<p>Que vous soyez d\u00e9butant ou professionnel chevronn\u00e9, un CV bien \u00e9labor\u00e9 mettant en valeur vos comp\u00e9tences, r\u00e9alisations et exp\u00e9riences est essentiel. Ce guide couvre tout ce que vous devez savoir pour cr\u00e9er un CV de coiffeur professionnel, des conseils g\u00e9n\u00e9raux aux \u00e9l\u00e9ments indispensables et techniques de personnalisation.<\/p>\n\n\n\n<h3 class=\"wp-block-heading\">Conseils g\u00e9n\u00e9raux pour r\u00e9diger un CV de coiffeur<\/h3>\n\n\n\n<h4 class=\"wp-block-heading\">1. Adaptez votre CV \u00e0 chaque offre d&#8217;emploi<\/h4>\n\n\n\n<p>Lisez attentivement chaque description de poste pour comprendre ce que l&#8217;employeur recherche. Adapter votre CV aux exigences sp\u00e9cifiques montre que vous comprenez les besoins du poste et rend votre candidature plus attrayante pour les recruteurs.<\/p>\n\n\n\n<h4 class=\"wp-block-heading\">2. Soignez la mise en page<\/h4>\n\n\n\n<p>Dans un domaine cr\u00e9atif comme la coiffure, la pr\u00e9sentation est aussi importante que le contenu. Optez pour une mise en page propre et professionnelle :<\/p>\n\n\n\n<ul class=\"wp-block-list\">\n<li>Choisissez une police lisible (Arial, Calibri ou Times New Roman) de taille 11-12.<\/li>\n\n\n\n<li>D\u00e9limitez clairement vos sections avec des titres et des puces.<\/li>\n\n\n\n<li>Assurez-vous qu&rsquo;il y ait suffisamment d&rsquo;espace blanc pour une apparence \u00e9pur\u00e9e.<\/li>\n<\/ul>\n\n\n\n<h4 class=\"wp-block-heading\">3. Commencez par un r\u00e9sum\u00e9 ou un objectif clair<\/h4>\n\n\n\n<p>D\u00e9marrez votre CV par un r\u00e9sum\u00e9 ou un objectif concis qui met en avant vos comp\u00e9tences, exp\u00e9riences et objectifs de carri\u00e8re. Personnalisez cette section pour refl\u00e9ter les qualifications les plus pertinentes pour le poste.<\/p>\n\n\n\n<h4 class=\"wp-block-heading\">4. Int\u00e9grez des comp\u00e9tences pertinentes<\/h4>\n\n\n\n<p>Dans la section comp\u00e9tences, incluez \u00e0 la fois des comp\u00e9tences techniques (coupe, coloration, techniques de coiffage) et des comp\u00e9tences interpersonnelles (communication, service client, gestion du temps).<\/p>\n\n\n\n<h4 class=\"wp-block-heading\">5. Mettez en avant vos dipl\u00f4mes et certifications<\/h4>\n\n\n\n<p>Incluez votre formation, vos licences et certifications. Comme tous les coiffeurs doivent avoir une licence approuv\u00e9e par l&rsquo;\u00c9tat, assurez-vous d\u2019indiquer les d\u00e9tails de votre licence actuelle.<\/p>\n\n\n\n<h4 class=\"wp-block-heading\">6. Pr\u00e9sentez votre portfolio<\/h4>\n\n\n\n<p>Ajoutez un lien vers votre portfolio en ligne ou une page professionnelle sur les r\u00e9seaux sociaux pour donner aux employeurs un aper\u00e7u visuel de votre travail. Placez ce lien dans l\u2019en-t\u00eate pour un acc\u00e8s facile.<\/p>\n\n\n\n<h3 class=\"wp-block-heading\">\u00c9l\u00e9ments indispensables d\u2019un CV de coiffeur<\/h3>\n\n\n\n<h4 class=\"wp-block-heading\">1. En-t\u00eate<\/h4>\n\n\n\n<p>Votre en-t\u00eate doit contenir votre nom, vos coordonn\u00e9es et un lien vers votre portfolio.<\/p>\n\n\n\n<p><strong>Exemple :<\/strong><\/p>\n\n\n\n<p>Sophie Dupont<br>Coiffeuse Dipl\u00f4m\u00e9e<br>06 12 34 56 78<br><a href=\"mailto:sophie.dupont@example.com\">sophie.dupont@example.com<\/a><br><a href=\"http:\/\/www.sophiedupontcoiffure.fr\/\" target=\"_blank\" rel=\"noopener\">www.sophiedupontcoiffure.fr<\/a><\/p>\n\n\n\n<h4 class=\"wp-block-heading\">2. R\u00e9sum\u00e9 professionnel<\/h4>\n\n\n\n<p>Une br\u00e8ve d\u00e9claration mettant en avant vos comp\u00e9tences, exp\u00e9riences et objectifs de carri\u00e8re.<\/p>\n\n\n\n<p><strong>Exemple :<\/strong><\/p>\n\n\n\n<p>\u00ab Coiffeuse diplom\u00e9e avec plus de trois ans d\u2019exp\u00e9rience en salon diversifi\u00e9. Comp\u00e9tente en techniques de coiffage avanc\u00e9es, traitements colorants et consultations clients. D\u00e9vou\u00e9e \u00e0 la satisfaction client et \u00e0 l\u2019actualisation des tendances. Je recherche un r\u00f4le dynamique pour appliquer mon talent artistique et mes comp\u00e9tences en service client. \u00bb<\/p>\n\n\n\n<h4 class=\"wp-block-heading\">3. Section Comp\u00e9tences<\/h4>\n\n\n\n<p>Incluez un m\u00e9lange de comp\u00e9tences techniques et interpersonnelles.<\/p>\n\n\n\n<p><strong>Exemple :<\/strong><\/p>\n\n\n\n<ul class=\"wp-block-list\">\n<li>Techniques avanc\u00e9es de coupe et coiffage<\/li>\n\n\n\n<li>Correction et traitement de coloration<\/li>\n\n\n\n<li>Consultations clients<\/li>\n\n\n\n<li>Service client et communication<\/li>\n\n\n\n<li>Lissage et bouclage<\/li>\n\n\n\n<li>Connaissance des produits et ventes<\/li>\n\n\n\n<li>Protocoles de sant\u00e9 et d\u2019hygi\u00e8ne<\/li>\n<\/ul>\n\n\n\n<h4 class=\"wp-block-heading\">4. Formation<\/h4>\n\n\n\n<p>Listez votre niveau d\u2019\u00e9tudes le plus \u00e9lev\u00e9 et les certifications ou formations sp\u00e9cialis\u00e9es.<\/p>\n\n\n\n<p><strong>Exemple :<\/strong><\/p>\n\n\n\n<p>Institut de Coiffure Parisien \u2013 Paris, France<br>Certification en Coiffure, 2021<\/p>\n\n\n\n<p>Lyc\u00e9e des M\u00e9tiers de l\u2019Esth\u00e9tique \u2013 Lyon, France<br>CAP Esth\u00e9tique et Coiffure, 2017<\/p>\n\n\n\n<h4 class=\"wp-block-heading\">5. Exp\u00e9rience<\/h4>\n\n\n\n<p>D\u00e9crivez votre parcours professionnel en vous concentrant sur vos responsabilit\u00e9s et r\u00e9alisations. Quantifiez vos accomplissements si possible.<\/p>\n\n\n\n<p><strong>Exemple :<\/strong><\/p>\n\n\n\n<p><strong>Coiffeuse | Salon Prestige, Paris<\/strong><br>Juin 2018 &#8211; D\u00e9cembre 2023<\/p>\n\n\n\n<ul class=\"wp-block-list\">\n<li>Fourniture de services de coupe, coloration, balayage et coiffage pour une client\u00e8le diversifi\u00e9e.<\/li>\n\n\n\n<li>Augmentation des ventes de produits de 40 % en un an en promouvant les produits du salon.<\/li>\n\n\n\n<li>Maintien d\u2019un environnement de salon propre et organis\u00e9, contribuant \u00e0 une grande satisfaction client.<\/li>\n\n\n\n<li>Participation \u00e0 des formations continues pour rester \u00e0 jour avec les derni\u00e8res tendances en coiffure.<\/li>\n<\/ul>\n\n\n\n<h4 class=\"wp-block-heading\">6. Certifications et Licences<\/h4>\n\n\n\n<p>Ajoutez toutes les licences et certifications pertinentes.<\/p>\n\n\n\n<p><strong>Exemple :<\/strong><\/p>\n\n\n\n<p>Licence de Coiffure \u2013 Minist\u00e8re de l\u2019\u00c9ducation Nationale, France (D\u00e9livr\u00e9e en mai 2019)<br>Coloriste Certifi\u00e9 \u2013 Conseil Fran\u00e7ais de la Coloration Capillaire (D\u00e9livr\u00e9e en septembre 2020)<\/p>\n\n\n\n<h3 class=\"wp-block-heading\">Comment personnaliser votre CV de coiffeur pour des offres sp\u00e9cifiques<\/h3>\n\n\n\n<h4 class=\"wp-block-heading\">1. Analysez l\u2019offre d\u2019emploi<\/h4>\n\n\n\n<p>Identifiez les comp\u00e9tences et qualifications cl\u00e9s recherch\u00e9es par l\u2019employeur. Adaptez votre r\u00e9sum\u00e9, vos comp\u00e9tences et votre exp\u00e9rience en cons\u00e9quence.<\/p>\n\n\n\n<h4 class=\"wp-block-heading\">2. Mettez en valeur les comp\u00e9tences et exp\u00e9riences pertinentes<\/h4>\n\n\n\n<p>Si une offre met l\u2019accent sur les techniques de coloration ou les coiffures de mariage, mettez ces comp\u00e9tences en avant dans votre CV.<\/p>\n\n\n\n<h4 class=\"wp-block-heading\">3. Utilisez des mots-cl\u00e9s<\/h4>\n\n\n\n<p>Incorporez des mots-cl\u00e9s pertinents tir\u00e9s de l\u2019offre pour que votre CV passe les syst\u00e8mes de suivi des candidatures (ATS).<\/p>\n\n\n\n<h4 class=\"wp-block-heading\">4. Adaptez votre r\u00e9sum\u00e9 ou objectif<\/h4>\n\n\n\n<p>Par exemple, si vous postulez dans un salon haut de gamme, mettez en avant votre exp\u00e9rience avec des traitements capillaires de luxe et les consultations clients.<\/p>\n\n\n\n<h3 class=\"wp-block-heading\">Conseils suppl\u00e9mentaires pour un CV de coiffeur efficace<\/h3>\n\n\n\n<h4 class=\"wp-block-heading\">1. Relisez et \u00e9ditez<\/h4>\n\n\n\n<p>Assurez-vous que votre CV est exempt de fautes d\u2019orthographe et de grammaire. Utilisez des outils en ligne comme Grammarly pour une v\u00e9rification suppl\u00e9mentaire.<\/p>\n\n\n\n<h4 class=\"wp-block-heading\">2. Quantifiez vos r\u00e9alisations<\/h4>\n\n\n\n<p>Utilisez des chiffres pour illustrer vos r\u00e9alisations (\u00ab Augmentation de la r\u00e9tention client de 25 % \u00bb ou \u00ab Hausse des ventes de produits de 40 % \u00bb).<\/p>\n\n\n\n<h4 class=\"wp-block-heading\">3. Gardez-le professionnel<\/h4>\n\n\n\n<p>Optez pour une mise en page simple et \u00e9pur\u00e9e. \u00c9vitez les designs tape-\u00e0-l\u2019\u0153il qui pourraient distraire du contenu.<\/p>\n\n\n\n<h4 class=\"wp-block-heading\">4. Effectuez un suivi<\/h4>\n\n\n\n<p>Apr\u00e8s avoir envoy\u00e9 votre candidature, faites un suivi avec un e-mail poli pour exprimer votre int\u00e9r\u00eat continu pour le poste.<\/p>\n\n\n\n<h3 class=\"wp-block-heading\">Pr\u00eats \u00e0 cr\u00e9er le CV parfait de coiffeur ?<\/h3>\n\n\n\n<p>Un CV professionnel et bien r\u00e9dig\u00e9 est votre billet pour d\u00e9crocher le poste de vos r\u00eaves. En mettant en avant vos comp\u00e9tences, exp\u00e9riences et certifications, vous pouvez vous distinguer de la concurrence et obtenir un r\u00f4le o\u00f9 vous pourrez vous \u00e9panouir.<\/p>\n\n\n\n<p>Commencez \u00e0 cr\u00e9er votre CV aujourd\u2019hui avec CV2Go et faites le premier pas vers une carri\u00e8re passionnante et enrichissante dans la coiffure !<\/p>\n\n\n\n<h3 class=\"wp-block-heading\">Questions Fr\u00e9quemment Pos\u00e9es (FAQ)<\/h3>\n\n\n\n<h4 class=\"wp-block-heading\">Comment r\u00e9diger un CV de coiffeur ?<\/h4>\n\n\n\n<p>Commencez par un en-t\u00eate clair, r\u00e9digez un r\u00e9sum\u00e9 convaincant, listez vos comp\u00e9tences pertinentes, d\u00e9taillez votre formation et exp\u00e9rience, et relisez soigneusement.<\/p>\n\n\n\n<h4 class=\"wp-block-heading\">Que dois-je inclure dans la section comp\u00e9tences ?<\/h4>\n\n\n\n<p>Ajoutez des comp\u00e9tences techniques comme la coupe, la coloration et le coiffage, ainsi que des comp\u00e9tences interpersonnelles comme la communication, le service client et la gestion du temps.<\/p>\n\n\n\n<h4 class=\"wp-block-heading\">Comment personnaliser mon CV pour un poste sp\u00e9cifique ?<\/h4>\n\n\n\n<p>Adaptez votre r\u00e9sum\u00e9, vos comp\u00e9tences et vos exp\u00e9riences pour correspondre aux exigences de l\u2019offre d\u2019emploi.<\/p>\n\n\n\n<h4 class=\"wp-block-heading\">Comment dois-je formater mon CV ?<\/h4>\n\n\n\n<p>Utilisez une mise en page claire avec des titres, des puces et des polices lisibles. Gardez le design professionnel et facile \u00e0 lire.<\/p>\n\n\n\n<h4 class=\"wp-block-heading\">Dois-je inclure un lien vers mon portfolio ?<\/h4>\n\n\n\n<p>Oui ! Inclure un lien vers votre portfolio en ligne permet aux employeurs potentiels de voir des exemples de votre travail.<\/p>\n\n\n\n<p>Pr\u00eat \u00e0 laisser votre marque en tant que coiffeur ? Commencez \u00e0 cr\u00e9er votre CV aujourd\u2019hui !<\/p>\n","protected":false},"excerpt":{"rendered":"<p>\u00catre coiffeur est une carri\u00e8re dynamique, amusante et passionnante. Les clients comptent sur vos comp\u00e9tences pour \u00eatre \u00e0 leur meilleur lors d&rsquo;occasions importantes et de moments-cl\u00e9s. Bien que la demande pour des coiffeurs qualifi\u00e9s soit \u00e9lev\u00e9e, vous avez besoin d&rsquo;un CV remarquable pour d\u00e9crocher le poste id\u00e9al qui vous permettra de vous \u00e9panouir. Que vous [&hellip;]<\/p>\n","protected":false},"author":2,"featured_media":2052,"comment_status":"open","ping_status":"open","sticky":false,"template":"","format":"standard","meta":{"_acf_changed":false,"site-sidebar-layout":"default","site-content-layout":"","ast-site-content-layout":"default","site-content-style":"default","site-sidebar-style":"default","ast-global-header-display":"","ast-banner-title-visibility":"","ast-main-header-display":"","ast-hfb-above-header-display":"","ast-hfb-below-header-display":"","ast-hfb-mobile-header-display":"","site-post-title":"","ast-breadcrumbs-content":"","ast-featured-img":"","footer-sml-layout":"","ast-disable-related-posts":"","theme-transparent-header-meta":"","adv-header-id-meta":"","stick-header-meta":"","header-above-stick-meta":"","header-main-stick-meta":"","header-below-stick-meta":"","astra-migrate-meta-layouts":"set","ast-page-background-enabled":"default","ast-page-background-meta":{"desktop":{"background-color":"","background-image":"","background-repeat":"repeat","background-position":"center center","background-size":"auto","background-attachment":"scroll","background-type":"","background-media":"","overlay-type":"","overlay-color":"","overlay-opacity":"","overlay-gradient":""},"tablet":{"background-color":"","background-image":"","background-repeat":"repeat","background-position":"center center","background-size":"auto","background-attachment":"scroll","background-type":"","background-media":"","overlay-type":"","overlay-color":"","overlay-opacity":"","overlay-gradient":""},"mobile":{"background-color":"","background-image":"","background-repeat":"repeat","background-position":"center center","background-size":"auto","background-attachment":"scroll","background-type":"","background-media":"","overlay-type":"","overlay-color":"","overlay-opacity":"","overlay-gradient":""}},"ast-content-background-meta":{"desktop":{"background-color":"var(--ast-global-color-5)","background-image":"","background-repeat":"repeat","background-position":"center center","background-size":"auto","background-attachment":"scroll","background-type":"","background-media":"","overlay-type":"","overlay-color":"","overlay-opacity":"","overlay-gradient":""},"tablet":{"background-color":"var(--ast-global-color-5)","background-image":"","background-repeat":"repeat","background-position":"center center","background-size":"auto","background-attachment":"scroll","background-type":"","background-media":"","overlay-type":"","overlay-color":"","overlay-opacity":"","overlay-gradient":""},"mobile":{"background-color":"var(--ast-global-color-5)","background-image":"","background-repeat":"repeat","background-position":"center center","background-size":"auto","background-attachment":"scroll","background-type":"","background-media":"","overlay-type":"","overlay-color":"","overlay-opacity":"","overlay-gradient":""}},"footnotes":""},"categories":[1],"tags":[],"class_list":["post-1405","post","type-post","status-publish","format-standard","has-post-thumbnail","hentry","category-uncategorized"],"acf":[],"_links":{"self":[{"href":"https:\/\/cv2go.no\/fr\/wp-json\/wp\/v2\/posts\/1405","targetHints":{"allow":["GET"]}}],"collection":[{"href":"https:\/\/cv2go.no\/fr\/wp-json\/wp\/v2\/posts"}],"about":[{"href":"https:\/\/cv2go.no\/fr\/wp-json\/wp\/v2\/types\/post"}],"author":[{"embeddable":true,"href":"https:\/\/cv2go.no\/fr\/wp-json\/wp\/v2\/users\/2"}],"replies":[{"embeddable":true,"href":"https:\/\/cv2go.no\/fr\/wp-json\/wp\/v2\/comments?post=1405"}],"version-history":[{"count":0,"href":"https:\/\/cv2go.no\/fr\/wp-json\/wp\/v2\/posts\/1405\/revisions"}],"wp:featuredmedia":[{"embeddable":true,"href":"https:\/\/cv2go.no\/fr\/wp-json\/wp\/v2\/media\/2052"}],"wp:attachment":[{"href":"https:\/\/cv2go.no\/fr\/wp-json\/wp\/v2\/media?parent=1405"}],"wp:term":[{"taxonomy":"category","embeddable":true,"href":"https:\/\/cv2go.no\/fr\/wp-json\/wp\/v2\/categories?post=1405"},{"taxonomy":"post_tag","embeddable":true,"href":"https:\/\/cv2go.no\/fr\/wp-json\/wp\/v2\/tags?post=1405"}],"curies":[{"name":"wp","href":"https:\/\/api.w.org\/{rel}","templated":true}]}}