{"id":1307,"date":"2025-01-17T21:12:43","date_gmt":"2025-01-17T21:12:43","guid":{"rendered":"https:\/\/cv2go.no\/fr\/?p=1307"},"modified":"2025-04-26T20:24:54","modified_gmt":"2025-04-26T20:24:54","slug":"le-role-de-la-formation-a-la-diversite-pour-les-etudiants-et-les-employeurs-en-2025","status":"publish","type":"post","link":"https:\/\/cv2go.no\/fr\/le-role-de-la-formation-a-la-diversite-pour-les-etudiants-et-les-employeurs-en-2025\/","title":{"rendered":"Le r\u00f4le de la formation \u00e0 la diversit\u00e9 pour les \u00e9tudiants et les employeurs en 2025"},"content":{"rendered":"\n<p>Les entreprises reconnaissent de plus en plus l\u2019importance de la formation \u00e0 la diversit\u00e9 pour favoriser des environnements \u00e9quitables et inclusifs. Bien que cette formation puisse combler les in\u00e9galit\u00e9s, son succ\u00e8s repose sur une mise en \u0153uvre ad\u00e9quate. Les \u00e9tudiants qui participent \u00e0 des activit\u00e9s ax\u00e9es sur la diversit\u00e9 pendant leurs \u00e9tudes sup\u00e9rieures sont \u00e0 l\u2019avant-garde d\u2019un changement authentique\u2014une qualit\u00e9 particuli\u00e8rement pris\u00e9e par les employeurs.<\/p>\n\n\n\n<h3 class=\"wp-block-heading\">Quelles sont les activit\u00e9s de diversit\u00e9 \u00e0 l\u2019universit\u00e9 ?<\/h3>\n\n\n\n<p>Les universit\u00e9s proposent des activit\u00e9s de diversit\u00e9 pour pr\u00e9parer les \u00e9tudiants \u00e0 l\u2019interconnexion du monde professionnel actuel. Ces activit\u00e9s enseignent aux \u00e9tudiants \u00e0 collaborer respectueusement avec des personnes d\u2019\u00e2ges, de cultures, de religions et d\u2019origines diff\u00e9rentes\u2014une comp\u00e9tence essentielle \u00e0 la r\u00e9ussite professionnelle.<\/p>\n\n\n\n<p>Exemples d\u2019activit\u00e9s de diversit\u00e9 \u00e0 l\u2019universit\u00e9 :<\/p>\n\n\n\n<ul class=\"wp-block-list\">\n<li>Participation \u00e0 des clubs et \u00e9v\u00e9nements culturels<\/li>\n\n\n\n<li>R\u00e9flexion sur les st\u00e9r\u00e9otypes et les id\u00e9es re\u00e7ues<\/li>\n\n\n\n<li>Formation sur l\u2019\u00e9quit\u00e9 professionnelle<\/li>\n\n\n\n<li>Exercices d\u2019analyse et de prise de perspective<\/li>\n\n\n\n<li>Discussions sur des sujets sensibles<\/li>\n\n\n\n<li>Ateliers et activit\u00e9s en classe<\/li>\n\n\n\n<li>R\u00e9daction de travaux ax\u00e9s sur la diversit\u00e9<\/li>\n\n\n\n<li>B\u00e9n\u00e9volat dans des communaut\u00e9s vari\u00e9es<\/li>\n\n\n\n<li>Participation \u00e0 des c\u00e9l\u00e9brations culturelles et patrimoniales<\/li>\n<\/ul>\n\n\n\n<p>Ces activit\u00e9s sont souvent adapt\u00e9es au domaine d\u2019\u00e9tudes des \u00e9tudiants. Par exemple, les \u00e9tudiants en travail social apprennent \u00e0 g\u00e9rer leurs pr\u00e9jug\u00e9s lorsqu\u2019ils assistent des populations d\u00e9favoris\u00e9es, tandis que les \u00e9tudiants en commerce d\u00e9veloppent des comp\u00e9tences pour collaborer efficacement avec des \u00e9quipes diversifi\u00e9es.<\/p>\n\n\n\n<h3 class=\"wp-block-heading\">Les activit\u00e9s de diversit\u00e9 r\u00e9duisent-elles les in\u00e9galit\u00e9s sur le lieu de travail ?<\/h3>\n\n\n\n<p>La formation \u00e0 la diversit\u00e9 en entreprise vise \u00e0 am\u00e9liorer les relations, r\u00e9duire les pr\u00e9jug\u00e9s et favoriser l\u2019inclusion. Cependant, des programmes incoh\u00e9rents ou mal con\u00e7us peuvent aggraver les probl\u00e8mes existants.<\/p>\n\n\n\n<p>Lorsqu\u2019elles sont bien mises en \u0153uvre, les activit\u00e9s de diversit\u00e9 deviennent des outils transformateurs qui :<\/p>\n\n\n\n<ul class=\"wp-block-list\">\n<li>Favorisent la collaboration et la compr\u00e9hension entre employ\u00e9s<\/li>\n\n\n\n<li>\u00c9liminent les id\u00e9es fausses et r\u00e9duisent les pr\u00e9jug\u00e9s<\/li>\n\n\n\n<li>Promeuvent une culture d\u2019entreprise positive et inclusive<\/li>\n\n\n\n<li>Am\u00e9liorent la satisfaction et la productivit\u00e9 des employ\u00e9s<\/li>\n<\/ul>\n\n\n\n<p>Une formation \u00e0 la diversit\u00e9 efficace cr\u00e9e des lieux de travail o\u00f9 les individus se sentent valoris\u00e9s et respect\u00e9s, ce qui contribue au succ\u00e8s organisationnel.<\/p>\n\n\n\n<h3 class=\"wp-block-heading\">Les activit\u00e9s de diversit\u00e9 \u00e0 l\u2019universit\u00e9 sont-elles importantes pour les employeurs ?<\/h3>\n\n\n\n<p>Absolument. Les employeurs valorisent les candidats ayant une exp\u00e9rience des activit\u00e9s de diversit\u00e9, car cela refl\u00e8te une sensibilit\u00e9 culturelle et une capacit\u00e9 \u00e0 naviguer dans des environnements diversifi\u00e9s. Ces qualit\u00e9s sont particuli\u00e8rement attrayantes sur le march\u00e9 du travail comp\u00e9titif d\u2019aujourd\u2019hui.<\/p>\n\n\n\n<p>Pour les nouveaux dipl\u00f4m\u00e9s, mettre en avant les activit\u00e9s de diversit\u00e9 dans un CV peut :<\/p>\n\n\n\n<ul class=\"wp-block-list\">\n<li>D\u00e9montrer une comp\u00e9tence culturelle<\/li>\n\n\n\n<li>Montrer une pr\u00e9paration aux environnements de travail inclusifs<\/li>\n\n\n\n<li>Vous distinguer des autres candidats<\/li>\n<\/ul>\n\n\n\n<p>Inclure des exemples pr\u00e9cis de votre participation \u00e0 ces activit\u00e9s peut rendre votre candidature plus convaincante.<\/p>\n\n\n\n<h3 class=\"wp-block-heading\">La formation \u00e0 la diversit\u00e9 forme-t-elle des professionnels accomplis ?<\/h3>\n\n\n\n<p>La formation \u00e0 la diversit\u00e9 offre des avantages significatifs aux individus et aux organisations. Pour les employeurs, elle :<\/p>\n\n\n\n<ul class=\"wp-block-list\">\n<li>Renforce la confiance avec des clients et partenaires issus de milieux vari\u00e9s<\/li>\n\n\n\n<li>Encourage la cr\u00e9ativit\u00e9 et l\u2019innovation gr\u00e2ce \u00e0 des perspectives diverses<\/li>\n\n\n\n<li>Am\u00e9liore la productivit\u00e9 et r\u00e9duit le turnover<\/li>\n\n\n\n<li>Cultive une culture de travail positive en minimisant les microagressions<\/li>\n<\/ul>\n\n\n\n<p>Pour les employ\u00e9s, elle favorise l\u2019empathie, la collaboration et la sensibilit\u00e9 culturelle, cr\u00e9ant un environnement professionnel plus \u00e9quitable et harmonieux.<\/p>\n\n\n\n<h3 class=\"wp-block-heading\">Les avantages des activit\u00e9s de diversit\u00e9<\/h3>\n\n\n\n<p>Les activit\u00e9s de diversit\u00e9 offrent de nombreux avantages, notamment :<\/p>\n\n\n\n<ul class=\"wp-block-list\">\n<li><strong>D\u00e9construction des barri\u00e8res<\/strong> : Contester les st\u00e9r\u00e9otypes et encourager l\u2019ouverture d\u2019esprit.<\/li>\n\n\n\n<li><strong>Sensibilisation culturelle<\/strong> : Acqu\u00e9rir des perspectives sur des traditions et points de vue vari\u00e9s.<\/li>\n\n\n\n<li><strong>Am\u00e9lioration de la communication<\/strong> : Renforcer la capacit\u00e9 \u00e0 aborder des sujets sensibles efficacement.<\/li>\n\n\n\n<li><strong>Pr\u00e9paration professionnelle<\/strong> : Se pr\u00e9parer \u00e0 travailler avec succ\u00e8s dans des environnements diversifi\u00e9s.<\/li>\n<\/ul>\n\n\n\n<p>Par exemple, comprendre les nuances culturelles\u2014comme les pr\u00e9f\u00e9rences alimentaires ou les v\u00eatements religieux\u2014peut pr\u00e9venir des offenses involontaires et favoriser le respect mutuel. Ces le\u00e7ons, acquises \u00e0 travers des activit\u00e9s de diversit\u00e9, se traduisent par des pratiques inclusives sur le lieu de travail.<\/p>\n\n\n\n<h3 class=\"wp-block-heading\">Mettre en avant les exp\u00e9riences de diversit\u00e9 en entretien<\/h3>\n\n\n\n<p>Les employeurs souhaitent savoir ce qui vous distingue. Pendant les entretiens, partagez des exemples montrant comment les activit\u00e9s de diversit\u00e9 ont fa\u00e7onn\u00e9 votre perspective et pr\u00e9par\u00e9 votre collaboration professionnelle. Soulignez la valeur que ces exp\u00e9riences apportent \u00e0 votre r\u00f4le.<\/p>\n\n\n\n<p>Par exemple, racontez comment vous avez r\u00e9solu un malentendu culturel dans un projet de groupe ou comment le b\u00e9n\u00e9volat dans une communaut\u00e9 diversifi\u00e9e vous a appris l\u2019empathie et l\u2019adaptabilit\u00e9.<\/p>\n\n\n\n<h3 class=\"wp-block-heading\">Devez-vous inclure les activit\u00e9s de diversit\u00e9 dans votre CV ?<\/h3>\n\n\n\n<p>Oui, inclure des activit\u00e9s de diversit\u00e9 dans votre CV montre votre comp\u00e9tence culturelle et votre engagement envers l\u2019\u00e9quit\u00e9. Alors que de plus en plus d\u2019entreprises priorisent la diversit\u00e9, l\u2019\u00e9quit\u00e9 et l\u2019inclusion (DEI), ces exp\u00e9riences peuvent :<\/p>\n\n\n\n<ul class=\"wp-block-list\">\n<li>Attirer l\u2019attention des recruteurs<\/li>\n\n\n\n<li>Servir de sujets de conversation en entretien<\/li>\n\n\n\n<li>Mettre en \u00e9vidence votre pr\u00e9paration \u00e0 prosp\u00e9rer dans des contextes diversifi\u00e9s<\/li>\n<\/ul>\n\n\n\n<h3 class=\"wp-block-heading\">Cr\u00e9ez un CV gagnant avec CV2Go<\/h3>\n\n\n\n<p>Pour mettre en avant vos activit\u00e9s de diversit\u00e9 de mani\u00e8re efficace, vous avez besoin d\u2019un CV professionnel et soign\u00e9. Chez CV2Go, nous facilitons la cr\u00e9ation d\u2019un CV percutant qui valorise vos comp\u00e9tences et exp\u00e9riences.<\/p>\n\n\n\n<p>Notre plateforme propose :<\/p>\n\n\n\n<ul class=\"wp-block-list\">\n<li><strong>Mod\u00e8les compatibles ATS<\/strong> : Assurez-vous que votre CV passe les filtres automatis\u00e9s.<\/li>\n\n\n\n<li><strong>Designs personnalisables<\/strong> : Adaptez votre CV \u00e0 des secteurs et postes sp\u00e9cifiques.<\/li>\n\n\n\n<li><strong>Conseils d\u2019experts<\/strong> : Utilisez des formulations approuv\u00e9es par les recruteurs pour mettre en avant vos qualifications.<\/li>\n<\/ul>\n\n\n\n<p>Cr\u00e9er un CV optimis\u00e9 avec des mots-cl\u00e9s et visuellement attrayant n\u2019a jamais \u00e9t\u00e9 aussi simple. Laissez CV2Go vous aider \u00e0 valoriser vos atouts uniques et \u00e0 d\u00e9crocher l\u2019emploi de vos r\u00eaves.<\/p>\n\n\n\n<h3 class=\"wp-block-heading\">Passez \u00e0 l\u2019\u00e9tape suivante dans votre carri\u00e8re<\/h3>\n\n\n\n<p>Les activit\u00e9s et formations sur la diversit\u00e9 sont des atouts pr\u00e9cieux pour votre d\u00e9veloppement personnel et votre r\u00e9ussite professionnelle. Mettre en avant ces exp\u00e9riences peut vous distinguer sur le march\u00e9 de l\u2019emploi. Commencez d\u00e8s aujourd\u2019hui \u00e0 cr\u00e9er votre CV professionnel avec CV2Go et faites un pas vers une carri\u00e8re impactante et enrichissante en 2025 !<\/p>\n","protected":false},"excerpt":{"rendered":"<p>Les entreprises reconnaissent de plus en plus l\u2019importance de la formation \u00e0 la diversit\u00e9 pour favoriser des environnements \u00e9quitables et inclusifs. Bien que cette formation puisse combler les in\u00e9galit\u00e9s, son succ\u00e8s repose sur une mise en \u0153uvre ad\u00e9quate. Les \u00e9tudiants qui participent \u00e0 des activit\u00e9s ax\u00e9es sur la diversit\u00e9 pendant leurs \u00e9tudes sup\u00e9rieures sont \u00e0 [&hellip;]<\/p>\n","protected":false},"author":2,"featured_media":2052,"comment_status":"open","ping_status":"open","sticky":false,"template":"","format":"standard","meta":{"_acf_changed":false,"site-sidebar-layout":"default","site-content-layout":"","ast-site-content-layout":"default","site-content-style":"default","site-sidebar-style":"default","ast-global-header-display":"","ast-banner-title-visibility":"","ast-main-header-display":"","ast-hfb-above-header-display":"","ast-hfb-below-header-display":"","ast-hfb-mobile-header-display":"","site-post-title":"","ast-breadcrumbs-content":"","ast-featured-img":"","footer-sml-layout":"","ast-disable-related-posts":"","theme-transparent-header-meta":"","adv-header-id-meta":"","stick-header-meta":"","header-above-stick-meta":"","header-main-stick-meta":"","header-below-stick-meta":"","astra-migrate-meta-layouts":"set","ast-page-background-enabled":"default","ast-page-background-meta":{"desktop":{"background-color":"","background-image":"","background-repeat":"repeat","background-position":"center center","background-size":"auto","background-attachment":"scroll","background-type":"","background-media":"","overlay-type":"","overlay-color":"","overlay-opacity":"","overlay-gradient":""},"tablet":{"background-color":"","background-image":"","background-repeat":"repeat","background-position":"center center","background-size":"auto","background-attachment":"scroll","background-type":"","background-media":"","overlay-type":"","overlay-color":"","overlay-opacity":"","overlay-gradient":""},"mobile":{"background-color":"","background-image":"","background-repeat":"repeat","background-position":"center center","background-size":"auto","background-attachment":"scroll","background-type":"","background-media":"","overlay-type":"","overlay-color":"","overlay-opacity":"","overlay-gradient":""}},"ast-content-background-meta":{"desktop":{"background-color":"var(--ast-global-color-5)","background-image":"","background-repeat":"repeat","background-position":"center center","background-size":"auto","background-attachment":"scroll","background-type":"","background-media":"","overlay-type":"","overlay-color":"","overlay-opacity":"","overlay-gradient":""},"tablet":{"background-color":"var(--ast-global-color-5)","background-image":"","background-repeat":"repeat","background-position":"center center","background-size":"auto","background-attachment":"scroll","background-type":"","background-media":"","overlay-type":"","overlay-color":"","overlay-opacity":"","overlay-gradient":""},"mobile":{"background-color":"var(--ast-global-color-5)","background-image":"","background-repeat":"repeat","background-position":"center center","background-size":"auto","background-attachment":"scroll","background-type":"","background-media":"","overlay-type":"","overlay-color":"","overlay-opacity":"","overlay-gradient":""}},"footnotes":""},"categories":[1],"tags":[],"class_list":["post-1307","post","type-post","status-publish","format-standard","has-post-thumbnail","hentry","category-uncategorized"],"acf":[],"_links":{"self":[{"href":"https:\/\/cv2go.no\/fr\/wp-json\/wp\/v2\/posts\/1307","targetHints":{"allow":["GET"]}}],"collection":[{"href":"https:\/\/cv2go.no\/fr\/wp-json\/wp\/v2\/posts"}],"about":[{"href":"https:\/\/cv2go.no\/fr\/wp-json\/wp\/v2\/types\/post"}],"author":[{"embeddable":true,"href":"https:\/\/cv2go.no\/fr\/wp-json\/wp\/v2\/users\/2"}],"replies":[{"embeddable":true,"href":"https:\/\/cv2go.no\/fr\/wp-json\/wp\/v2\/comments?post=1307"}],"version-history":[{"count":0,"href":"https:\/\/cv2go.no\/fr\/wp-json\/wp\/v2\/posts\/1307\/revisions"}],"wp:featuredmedia":[{"embeddable":true,"href":"https:\/\/cv2go.no\/fr\/wp-json\/wp\/v2\/media\/2052"}],"wp:attachment":[{"href":"https:\/\/cv2go.no\/fr\/wp-json\/wp\/v2\/media?parent=1307"}],"wp:term":[{"taxonomy":"category","embeddable":true,"href":"https:\/\/cv2go.no\/fr\/wp-json\/wp\/v2\/categories?post=1307"},{"taxonomy":"post_tag","embeddable":true,"href":"https:\/\/cv2go.no\/fr\/wp-json\/wp\/v2\/tags?post=1307"}],"curies":[{"name":"wp","href":"https:\/\/api.w.org\/{rel}","templated":true}]}}