{"id":1291,"date":"2025-01-17T20:37:42","date_gmt":"2025-01-17T20:37:42","guid":{"rendered":"https:\/\/cv2go.no\/fr\/?p=1291"},"modified":"2025-04-26T20:28:27","modified_gmt":"2025-04-26T20:28:27","slug":"rediger-un-cv-de-graphiste-impressionnant-guide-complet","status":"publish","type":"post","link":"https:\/\/cv2go.no\/fr\/rediger-un-cv-de-graphiste-impressionnant-guide-complet\/","title":{"rendered":"R\u00e9diger un CV de Graphiste Impressionnant : Guide Complet"},"content":{"rendered":"\n<p>Le design graphique est un domaine en constante \u00e9volution et tr\u00e8s comp\u00e9titif qui vous permet de travailler dans pratiquement tous les secteurs tout en affinant vos comp\u00e9tences et en renfor\u00e7ant votre technique. Que vous soyez au d\u00e9but de votre carri\u00e8re ou que vous cherchiez \u00e0 progresser, un CV de graphiste professionnel est essentiel pour attirer l\u2019attention des recruteurs.<\/p>\n\n\n\n<p>Un CV bien con\u00e7u et professionnel est indispensable pour obtenir un poste pris\u00e9 dans le domaine du design graphique. Il peut souvent faire la diff\u00e9rence entre obtenir un entretien ou \u00eatre \u00e9cart\u00e9.<\/p>\n\n\n\n<p>Dans cet article, nous d\u00e9taillons les \u00e9l\u00e9ments cl\u00e9s pour cr\u00e9er un CV de graphiste exceptionnel, en explorant les sections essentielles \u00e0 inclure et en fournissant des conseils pour rendre votre CV esth\u00e9tiquement attrayant sans compromettre le contenu.<\/p>\n\n\n\n<h2 class=\"wp-block-heading\">Conseils G\u00e9n\u00e9raux pour les CV de Graphiste<\/h2>\n\n\n\n<p>Votre CV est une toile qui refl\u00e8te votre exp\u00e9rience et votre potentiel. Si vous ne savez pas par o\u00f9 commencer, inspirez-vous de la description du poste. Int\u00e9grez des mots-cl\u00e9s et comp\u00e9tences essentiels mentionn\u00e9s dans l\u2019annonce.<\/p>\n\n\n\n<h3 class=\"wp-block-heading\">Personnalisez Votre CV<\/h3>\n\n\n\n<p>Adapter votre CV \u00e0 la description du poste montre que vous comprenez le r\u00f4le et que vous \u00eates capable de r\u00e9pondre aux besoins sp\u00e9cifiques de l\u2019employeur.<\/p>\n\n\n\n<h3 class=\"wp-block-heading\">Design Sobre<\/h3>\n\n\n\n<p>Votre CV doit refl\u00e9ter vos comp\u00e9tences en design sans \u00eatre excessivement tape-\u00e0-l\u2019\u0153il. Optez pour une mise en page claire avec des polices lisibles et un espacement ad\u00e9quat pour am\u00e9liorer la lisibilit\u00e9.<\/p>\n\n\n\n<h3 class=\"wp-block-heading\">Mettez en Valeur l\u2019Exp\u00e9rience et la Formation<\/h3>\n\n\n\n<p>Mettez en avant vos projets les plus pertinents, vos r\u00f4les pr\u00e9c\u00e9dents et vos qualifications en design. Structurez le document de mani\u00e8re claire et assurez-vous qu\u2019il soit compatible avec les syst\u00e8mes de suivi des candidatures (ATS).<\/p>\n\n\n\n<h2 class=\"wp-block-heading\">\u00c9l\u00e9ments Essentiels d&rsquo;un Mod\u00e8le de CV de Graphiste<\/h2>\n\n\n\n<p>Un CV solide doit inclure les sections suivantes :<\/p>\n\n\n\n<h3 class=\"wp-block-heading\">En-t\u00eate<\/h3>\n\n\n\n<p>Jane Doe<br>Graphiste<br>(01) 23 45 67 89<br><a href=\"mailto:jane.doe@email.com\">jane.doe@email.com<\/a><br>janeportfolio.com<\/p>\n\n\n\n<h3 class=\"wp-block-heading\">R\u00e9sum\u00e9 Professionnel<\/h3>\n\n\n\n<p>Graphiste cr\u00e9ative et curieuse avec plus de 5 ans d\u2019exp\u00e9rience sp\u00e9cialis\u00e9e dans les designs num\u00e9riques et imprim\u00e9s uniques. Ma\u00eetrise de la suite Adobe Creative et comp\u00e9tence dans les projets collaboratifs comme en autonomie. Je souhaite mettre mon expertise au service de l\u2019entreprise ABCD pour contribuer \u00e0 des projets innovants.<\/p>\n\n\n\n<h3 class=\"wp-block-heading\">Comp\u00e9tences<\/h3>\n\n\n\n<ul class=\"wp-block-list\">\n<li>Adobe Illustrator<\/li>\n\n\n\n<li>Adobe Photoshop<\/li>\n\n\n\n<li>InDesign<\/li>\n\n\n\n<li>Bootstrap<\/li>\n\n\n\n<li>Typographie<\/li>\n\n\n\n<li>Design UI\/UX<\/li>\n\n\n\n<li>Branding<\/li>\n\n\n\n<li>HTML\/CSS<\/li>\n\n\n\n<li>Cr\u00e9ativit\u00e9<\/li>\n\n\n\n<li>Communication<\/li>\n<\/ul>\n\n\n\n<h3 class=\"wp-block-heading\">Formation<\/h3>\n\n\n\n<p><strong>Licence en Design Graphique<\/strong><br>Universit\u00e9 ABCD, Paris, France, 2024<\/p>\n\n\n\n<p><strong>Baccalaur\u00e9at<\/strong><br>Lyc\u00e9e ABCD, Paris, France, 2020<\/p>\n\n\n\n<h3 class=\"wp-block-heading\">Exp\u00e9rience<\/h3>\n\n\n\n<p><strong>Graphiste<\/strong><br>ABCD Graphics, Paris, France<br>Juin 2024 \u2013 Pr\u00e9sent<\/p>\n\n\n\n<ul class=\"wp-block-list\">\n<li>Collaboration avec l\u2019\u00e9quipe marketing pour cr\u00e9er des strat\u00e9gies de design pour les campagnes en ligne et hors ligne.<\/li>\n\n\n\n<li>Conception de sites web pour des clients aux exigences vari\u00e9es.<\/li>\n\n\n\n<li>Cr\u00e9ation d\u2019images, de logos, de brochures et de pr\u00e9sentations PowerPoint pour diverses entreprises.<\/li>\n\n\n\n<li>Visualisation et traduction des id\u00e9es des clients en concepts de design coh\u00e9rents correspondant \u00e0 l\u2019esth\u00e9tique de leur marque.<\/li>\n\n\n\n<li>Gestion simultan\u00e9e de plusieurs projets avec le respect des d\u00e9lais.<\/li>\n\n\n\n<li>Refonte de sites web clients, augmentant le trafic moyen de 20 %.<\/li>\n<\/ul>\n\n\n\n<h3 class=\"wp-block-heading\">Certifications et Licences<\/h3>\n\n\n\n<ul class=\"wp-block-list\">\n<li>Certification Adobe Photoshop, Adobe, 2024<\/li>\n\n\n\n<li>Certification UX Design, ABCD Industries, 2024<\/li>\n\n\n\n<li>Cours Pro en Design Graphique, Institut ABCD, 2024<\/li>\n<\/ul>\n\n\n\n<h2 class=\"wp-block-heading\">Conseils pour R\u00e9diger Chaque Section du CV<\/h2>\n\n\n\n<h3 class=\"wp-block-heading\">En-t\u00eate<\/h3>\n\n\n\n<p>Incluez votre nom complet, titre professionnel, informations de contact et liens pertinents vers votre portfolio.<\/p>\n\n\n\n<h3 class=\"wp-block-heading\">R\u00e9sum\u00e9 Professionnel<\/h3>\n\n\n\n<p>Cette section est votre pitch aux employeurs. Adaptez-la pour mettre en avant vos exp\u00e9riences et comp\u00e9tences en lien avec l\u2019offre d\u2019emploi.<\/p>\n\n\n\n<h3 class=\"wp-block-heading\">Comp\u00e9tences<\/h3>\n\n\n\n<p>Listez les comp\u00e9tences techniques et personnelles. Mentionnez les logiciels pertinents, comme la suite Adobe Creative, ainsi que des comp\u00e9tences relationnelles comme la communication et la cr\u00e9ativit\u00e9.<\/p>\n\n\n\n<h3 class=\"wp-block-heading\">Formation<\/h3>\n\n\n\n<p>Listez vos dipl\u00f4mes par ordre ant\u00e9chronologique, en commen\u00e7ant par le plus r\u00e9cent. Incluez le dipl\u00f4me, l\u2019\u00e9tablissement et l\u2019ann\u00e9e d\u2019obtention.<\/p>\n\n\n\n<h3 class=\"wp-block-heading\">Exp\u00e9rience<\/h3>\n\n\n\n<p>Utilisez des puces pour mettre en avant vos r\u00e9alisations et responsabilit\u00e9s. Commencez chaque point par un verbe d\u2019action et quantifiez vos r\u00e9alisations si possible (par exemple, \u00ab\u00a0Augmentation du trafic de 20 %\u00a0\u00bb).<\/p>\n\n\n\n<h3 class=\"wp-block-heading\">Certifications et Licences<\/h3>\n\n\n\n<p>Incluez les certifications qui d\u00e9montrent votre progression professionnelle et votre expertise. Pr\u00e9cisez le titre, l\u2019organisme d\u00e9livreur et l\u2019ann\u00e9e d\u2019obtention.<\/p>\n\n\n\n<h2 class=\"wp-block-heading\">Comment Personnaliser Votre CV de Graphiste pour des Postes Sp\u00e9cifiques<\/h2>\n\n\n\n<h3 class=\"wp-block-heading\">Adaptez pour des Sp\u00e9cialisations<\/h3>\n\n\n\n<p>Personnalisez votre CV en fonction du r\u00f4le. Par exemple :<\/p>\n\n\n\n<ul class=\"wp-block-list\">\n<li>Un CV de motion designer pourrait mettre en avant les logiciels d\u2019animation et les comp\u00e9tences en storyboard.<\/li>\n\n\n\n<li>Un CV de designer de mode pourrait souligner les comp\u00e9tences en conception de v\u00eatements et en cr\u00e9ation de motifs textiles.<\/li>\n<\/ul>\n\n\n\n<h3 class=\"wp-block-heading\">Mettez en Avant la Pertinence<\/h3>\n\n\n\n<p>Identifiez les comp\u00e9tences cl\u00e9s dans la description de poste et assurez-vous que votre CV les refl\u00e8te. Adaptez votre r\u00e9sum\u00e9, vos comp\u00e9tences et votre exp\u00e9rience pour correspondre au r\u00f4le.<\/p>\n\n\n\n<h2 class=\"wp-block-heading\">Conseils Suppl\u00e9mentaires pour Cr\u00e9er un CV Solide de Graphiste<\/h2>\n\n\n\n<ul class=\"wp-block-list\">\n<li><strong>Relisez<\/strong> : Assurez-vous qu\u2019il n\u2019y a aucune faute d\u2019orthographe, de grammaire ou incoh\u00e9nce dans le format.<\/li>\n\n\n\n<li><strong>Quantifiez vos R\u00e9alisations<\/strong> : Utilisez des chiffres pour souligner votre impact, comme l\u2019augmentation du trafic ou les taux de r\u00e9tention des clients.<\/li>\n\n\n\n<li><strong>Gardez-le Sobre<\/strong> : \u00c9vitez les designs trop charg\u00e9s. Concentrez-vous sur la clart\u00e9 et le professionnalisme.<\/li>\n\n\n\n<li><strong>Faites un Suivi<\/strong> : Apr\u00e8s avoir soumis votre CV, contactez l\u2019employeur pour exprimer votre enthousiasme.<\/li>\n<\/ul>\n\n\n\n<h2 class=\"wp-block-heading\">Comment Postuler \u00e0 des Postes de Graphiste<\/h2>\n\n\n\n<ol class=\"wp-block-list\">\n<li><strong>Pr\u00e9parez Votre CV<\/strong> : Utilisez un mod\u00e8le bien con\u00e7u qui met en avant vos comp\u00e9tences et votre exp\u00e9rience.<\/li>\n\n\n\n<li><strong>Recherchez des Offres<\/strong> : Explorez les portails d\u2019emploi, les r\u00e9seaux sociaux professionnels et les sites des entreprises.<\/li>\n\n\n\n<li><strong>Personnalisez Vos Candidatures<\/strong> : Adaptez votre CV et votre lettre de motivation \u00e0 chaque poste.<\/li>\n\n\n\n<li><strong>Soumettez Vos Candidatures<\/strong> : Suivez les instructions de l\u2019employeur pour la soumission.<\/li>\n<\/ol>\n\n\n\n<h2 class=\"wp-block-heading\">Foire Aux Questions (FAQ)<\/h2>\n\n\n\n<h3 class=\"wp-block-heading\">Comment r\u00e9diger un CV de graphiste ?<\/h3>\n\n\n\n<p>Incluez vos informations de contact, un r\u00e9sum\u00e9 professionnel, une liste de comp\u00e9tences adapt\u00e9es et une exp\u00e9rience professionnelle d\u00e9taill\u00e9e. Utilisez un format clair et professionnel.<\/p>\n\n\n\n<h3 class=\"wp-block-heading\">\u00c0 quoi doit ressembler un CV de graphiste ?<\/h3>\n\n\n\n<p>Il doit \u00eatre esth\u00e9tique avec des sections distinctes pour les informations de contact, les comp\u00e9tences, l\u2019exp\u00e9rience, la formation, les certifications et un lien vers votre portfolio.<\/p>\n\n\n\n<h3 class=\"wp-block-heading\">Comment r\u00e9diger un r\u00e9sum\u00e9 des qualifications pour un CV de graphiste ?<\/h3>\n\n\n\n<p>Mettez en avant vos comp\u00e9tences, exp\u00e9riences et r\u00e9alisations. Incluez les ann\u00e9es d\u2019exp\u00e9rience, la ma\u00eetrise des logiciels de design, les certifications et les projets notables.<\/p>\n\n\n\n<p>R\u00e9diger un CV de graphiste percutant demande une planification minutieuse et une attention aux d\u00e9tails. Utilisez ces conseils pour cr\u00e9er un CV qui vous aidera \u00e0 obtenir le poste de vos r\u00eaves.<\/p>\n","protected":false},"excerpt":{"rendered":"<p>Le design graphique est un domaine en constante \u00e9volution et tr\u00e8s comp\u00e9titif qui vous permet de travailler dans pratiquement tous les secteurs tout en affinant vos comp\u00e9tences et en renfor\u00e7ant votre technique. Que vous soyez au d\u00e9but de votre carri\u00e8re ou que vous cherchiez \u00e0 progresser, un CV de graphiste professionnel est essentiel pour attirer [&hellip;]<\/p>\n","protected":false},"author":2,"featured_media":2052,"comment_status":"open","ping_status":"open","sticky":false,"template":"","format":"standard","meta":{"_acf_changed":false,"site-sidebar-layout":"default","site-content-layout":"","ast-site-content-layout":"default","site-content-style":"default","site-sidebar-style":"default","ast-global-header-display":"","ast-banner-title-visibility":"","ast-main-header-display":"","ast-hfb-above-header-display":"","ast-hfb-below-header-display":"","ast-hfb-mobile-header-display":"","site-post-title":"","ast-breadcrumbs-content":"","ast-featured-img":"","footer-sml-layout":"","ast-disable-related-posts":"","theme-transparent-header-meta":"","adv-header-id-meta":"","stick-header-meta":"","header-above-stick-meta":"","header-main-stick-meta":"","header-below-stick-meta":"","astra-migrate-meta-layouts":"set","ast-page-background-enabled":"default","ast-page-background-meta":{"desktop":{"background-color":"","background-image":"","background-repeat":"repeat","background-position":"center center","background-size":"auto","background-attachment":"scroll","background-type":"","background-media":"","overlay-type":"","overlay-color":"","overlay-opacity":"","overlay-gradient":""},"tablet":{"background-color":"","background-image":"","background-repeat":"repeat","background-position":"center center","background-size":"auto","background-attachment":"scroll","background-type":"","background-media":"","overlay-type":"","overlay-color":"","overlay-opacity":"","overlay-gradient":""},"mobile":{"background-color":"","background-image":"","background-repeat":"repeat","background-position":"center center","background-size":"auto","background-attachment":"scroll","background-type":"","background-media":"","overlay-type":"","overlay-color":"","overlay-opacity":"","overlay-gradient":""}},"ast-content-background-meta":{"desktop":{"background-color":"var(--ast-global-color-5)","background-image":"","background-repeat":"repeat","background-position":"center center","background-size":"auto","background-attachment":"scroll","background-type":"","background-media":"","overlay-type":"","overlay-color":"","overlay-opacity":"","overlay-gradient":""},"tablet":{"background-color":"var(--ast-global-color-5)","background-image":"","background-repeat":"repeat","background-position":"center center","background-size":"auto","background-attachment":"scroll","background-type":"","background-media":"","overlay-type":"","overlay-color":"","overlay-opacity":"","overlay-gradient":""},"mobile":{"background-color":"var(--ast-global-color-5)","background-image":"","background-repeat":"repeat","background-position":"center center","background-size":"auto","background-attachment":"scroll","background-type":"","background-media":"","overlay-type":"","overlay-color":"","overlay-opacity":"","overlay-gradient":""}},"footnotes":""},"categories":[1],"tags":[],"class_list":["post-1291","post","type-post","status-publish","format-standard","has-post-thumbnail","hentry","category-uncategorized"],"acf":[],"_links":{"self":[{"href":"https:\/\/cv2go.no\/fr\/wp-json\/wp\/v2\/posts\/1291","targetHints":{"allow":["GET"]}}],"collection":[{"href":"https:\/\/cv2go.no\/fr\/wp-json\/wp\/v2\/posts"}],"about":[{"href":"https:\/\/cv2go.no\/fr\/wp-json\/wp\/v2\/types\/post"}],"author":[{"embeddable":true,"href":"https:\/\/cv2go.no\/fr\/wp-json\/wp\/v2\/users\/2"}],"replies":[{"embeddable":true,"href":"https:\/\/cv2go.no\/fr\/wp-json\/wp\/v2\/comments?post=1291"}],"version-history":[{"count":0,"href":"https:\/\/cv2go.no\/fr\/wp-json\/wp\/v2\/posts\/1291\/revisions"}],"wp:featuredmedia":[{"embeddable":true,"href":"https:\/\/cv2go.no\/fr\/wp-json\/wp\/v2\/media\/2052"}],"wp:attachment":[{"href":"https:\/\/cv2go.no\/fr\/wp-json\/wp\/v2\/media?parent=1291"}],"wp:term":[{"taxonomy":"category","embeddable":true,"href":"https:\/\/cv2go.no\/fr\/wp-json\/wp\/v2\/categories?post=1291"},{"taxonomy":"post_tag","embeddable":true,"href":"https:\/\/cv2go.no\/fr\/wp-json\/wp\/v2\/tags?post=1291"}],"curies":[{"name":"wp","href":"https:\/\/api.w.org\/{rel}","templated":true}]}}